{"id":341,"date":"2025-02-14T12:05:26","date_gmt":"2025-02-14T11:05:26","guid":{"rendered":"https:\/\/www.neocatalys.fr\/blog\/?p=341"},"modified":"2025-03-17T23:15:40","modified_gmt":"2025-03-17T22:15:40","slug":"se-reconcilier-avec-son-image","status":"publish","type":"post","link":"https:\/\/www.neocatalys.fr\/blog\/se-reconcilier-avec-son-image\/","title":{"rendered":"Se r\u00e9concilier avec son image"},"content":{"rendered":"\n\n<div class=\"kk-star-ratings kksr-auto kksr-align-right kksr-valign-top\"\n    data-payload='{&quot;align&quot;:&quot;right&quot;,&quot;id&quot;:&quot;341&quot;,&quot;slug&quot;:&quot;default&quot;,&quot;valign&quot;:&quot;top&quot;,&quot;ignore&quot;:&quot;&quot;,&quot;reference&quot;:&quot;auto&quot;,&quot;class&quot;:&quot;&quot;,&quot;count&quot;:&quot;1&quot;,&quot;legendonly&quot;:&quot;&quot;,&quot;readonly&quot;:&quot;&quot;,&quot;score&quot;:&quot;5&quot;,&quot;starsonly&quot;:&quot;&quot;,&quot;best&quot;:&quot;5&quot;,&quot;gap&quot;:&quot;4&quot;,&quot;greet&quot;:&quot;Notez cet post&quot;,&quot;legend&quot;:&quot;5\\\/5 - (1 vote)&quot;,&quot;size&quot;:&quot;24&quot;,&quot;title&quot;:&quot;Se r\u00e9concilier avec son image&quot;,&quot;width&quot;:&quot;138&quot;,&quot;_legend&quot;:&quot;{score}\\\/{best} - ({count} {votes})&quot;,&quot;font_factor&quot;:&quot;1.25&quot;}'>\n            \n<div class=\"kksr-stars\">\n    \n<div class=\"kksr-stars-inactive\">\n            <div class=\"kksr-star\" data-star=\"1\" style=\"padding-right: 4px\">\n            \n\n<div class=\"kksr-icon\" style=\"width: 24px; height: 24px;\"><\/div>\n        <\/div>\n            <div class=\"kksr-star\" data-star=\"2\" style=\"padding-right: 4px\">\n            \n\n<div class=\"kksr-icon\" style=\"width: 24px; height: 24px;\"><\/div>\n        <\/div>\n            <div class=\"kksr-star\" data-star=\"3\" style=\"padding-right: 4px\">\n            \n\n<div class=\"kksr-icon\" style=\"width: 24px; height: 24px;\"><\/div>\n        <\/div>\n            <div class=\"kksr-star\" data-star=\"4\" style=\"padding-right: 4px\">\n            \n\n<div class=\"kksr-icon\" style=\"width: 24px; height: 24px;\"><\/div>\n        <\/div>\n            <div class=\"kksr-star\" data-star=\"5\" style=\"padding-right: 4px\">\n            \n\n<div class=\"kksr-icon\" style=\"width: 24px; height: 24px;\"><\/div>\n        <\/div>\n    <\/div>\n    \n<div class=\"kksr-stars-active\" style=\"width: 138px;\">\n            <div class=\"kksr-star\" style=\"padding-right: 4px\">\n            \n\n<div class=\"kksr-icon\" style=\"width: 24px; height: 24px;\"><\/div>\n        <\/div>\n            <div class=\"kksr-star\" style=\"padding-right: 4px\">\n            \n\n<div class=\"kksr-icon\" style=\"width: 24px; height: 24px;\"><\/div>\n        <\/div>\n            <div class=\"kksr-star\" style=\"padding-right: 4px\">\n            \n\n<div class=\"kksr-icon\" style=\"width: 24px; height: 24px;\"><\/div>\n        <\/div>\n            <div class=\"kksr-star\" style=\"padding-right: 4px\">\n            \n\n<div class=\"kksr-icon\" style=\"width: 24px; height: 24px;\"><\/div>\n        <\/div>\n            <div class=\"kksr-star\" style=\"padding-right: 4px\">\n            \n\n<div class=\"kksr-icon\" style=\"width: 24px; height: 24px;\"><\/div>\n        <\/div>\n    <\/div>\n<\/div>\n                \n\n<div class=\"kksr-legend\" style=\"font-size: 19.2px;\">\n            5\/5 - (1 vote)    <\/div>\n    <\/div>\n\n<p><strong>Vous vous sentez prisonnier d&rsquo;une image qui ne vous correspond plus ?<\/strong> Complexe, maladie, probl\u00e8mes de sant\u00e9&#8230; <\/p>\n\n\n<div class=\"wp-block-image is-style-default\">\n<figure class=\"alignleft size-large is-resized\"><img fetchpriority=\"high\" decoding=\"async\" width=\"683\" height=\"1024\" src=\"https:\/\/www.neocatalys.fr\/blog\/wp-content\/uploads\/2025\/02\/IMG_9507-683x1024.jpg\" alt=\"\" class=\"wp-image-342\" style=\"width:348px;height:auto\" srcset=\"https:\/\/www.neocatalys.fr\/blog\/wp-content\/uploads\/2025\/02\/IMG_9507-683x1024.jpg 683w, https:\/\/www.neocatalys.fr\/blog\/wp-content\/uploads\/2025\/02\/IMG_9507-300x450.jpg 300w, https:\/\/www.neocatalys.fr\/blog\/wp-content\/uploads\/2025\/02\/IMG_9507-768x1152.jpg 768w, https:\/\/www.neocatalys.fr\/blog\/wp-content\/uploads\/2025\/02\/IMG_9507-1024x1536.jpg 1024w, https:\/\/www.neocatalys.fr\/blog\/wp-content\/uploads\/2025\/02\/IMG_9507-1365x2048.jpg 1365w, https:\/\/www.neocatalys.fr\/blog\/wp-content\/uploads\/2025\/02\/IMG_9507-scaled.jpg 1707w\" sizes=\"(max-width: 683px) 100vw, 683px\" \/><\/figure><\/div>\n\n\n<p>Autant d&rsquo;\u00e9preuves qui ont pu fragiliser votre rapport \u00e0 votre corps et vous laisser avec une image de vous que vous ne supportez plus. <\/p>\n\n\n\n<p>Vous vous reconnaissez \u00e0 peine dans le miroir, vous vous trouvez trop rond, trop petit, bref, vous ne vous aimez plus. <\/p>\n\n\n\n<p>Votre image est devenue une source de mal-\u00eatre, affectant profond\u00e9ment votre estime de vous et votre quotidien. Vous n&rsquo;osez plus vous regarder, vous vous cachez, vous vous sentez mal dans votre peau.<\/p>\n\n\n\n<p><\/p>\n\n\n\n<p><\/p>\n\n\n\n<div class=\"wp-block-buttons xs_clearall is-content-justification-center is-layout-flex wp-container-core-buttons-is-layout-16018d1d wp-block-buttons-is-layout-flex\">\n<div class=\"wp-block-button\"><a class=\"wp-block-button__link wp-element-button\" href=\"https:\/\/www.neocatalys.fr\/blog\/gallery\/seance-accompagnement-estime-de-soi\/\">Galerie de photo : <br>D\u00e9couvrez celles et ceux qui m&rsquo;ont d\u00e9j\u00e0 fait confiance<\/a><\/div>\n<\/div>\n\n\n\n<p><\/p>\n\n\n\n<p><strong>Je comprends et j&rsquo;\u00e9coute votre douleur.<\/strong><\/p>\n\n\n<div class=\"wp-block-image\">\n<figure class=\"alignright size-large is-resized\"><img decoding=\"async\" width=\"683\" height=\"1024\" src=\"https:\/\/www.neocatalys.fr\/blog\/wp-content\/uploads\/2025\/02\/R_IMG_5938-683x1024.jpg\" alt=\"\" class=\"wp-image-343\" style=\"width:302px;height:auto\" srcset=\"https:\/\/www.neocatalys.fr\/blog\/wp-content\/uploads\/2025\/02\/R_IMG_5938-683x1024.jpg 683w, https:\/\/www.neocatalys.fr\/blog\/wp-content\/uploads\/2025\/02\/R_IMG_5938-300x450.jpg 300w, https:\/\/www.neocatalys.fr\/blog\/wp-content\/uploads\/2025\/02\/R_IMG_5938-768x1152.jpg 768w, https:\/\/www.neocatalys.fr\/blog\/wp-content\/uploads\/2025\/02\/R_IMG_5938.jpg 800w\" sizes=\"(max-width: 683px) 100vw, 683px\" \/><\/figure><\/div>\n\n\n<p>En tant que photographe, depuis plus de 30 ans, j&rsquo;ai rencontr\u00e9 de nombreuses personnes qui, comme vous, ont du mal \u00e0 se r\u00e9concilier avec leur image. <\/p>\n\n\n\n<p>J&rsquo;ai vu les d\u00e9g\u00e2ts que peuvent causer les complexes, les maladies, les probl\u00e8mes de sant\u00e9 sur l&rsquo;estime de soi. J&rsquo;ai aussi \u00e9t\u00e9 t\u00e9moin du pouvoir transformateur d&rsquo;une simple photo.<\/p>\n\n\n\n<p><strong>C&rsquo;est pourquoi je vous propose une exp\u00e9rience unique<\/strong> :<\/p>\n\n\n\n<p>Une s\u00e9ance photo sur mesure pour vous aider \u00e0 vous r\u00e9approprier votre image et retrouver confiance en vous. <\/p>\n\n\n\n<p>Oubliez les s\u00e9ances photos impersonnelles et standardis\u00e9es. Je prends le temps de vous \u00e9couter, de comprendre votre histoire, vos pr\u00e9occupations, vos attentes. <\/p>\n\n\n\n<p>Ensemble, nous allons cr\u00e9er une s\u00e9ance photo qui vous ressemble, qui vous valorise, qui r\u00e9v\u00e8le votre v\u00e9ritable image, celle que vous ne voyez plus, celle que vous avez peut-\u00eatre m\u00eame oubli\u00e9e.<\/p>\n\n\n<div class=\"wp-block-image\">\n<figure class=\"alignleft size-large is-resized\"><img decoding=\"async\" width=\"721\" height=\"1024\" src=\"https:\/\/www.neocatalys.fr\/blog\/wp-content\/uploads\/2025\/02\/gwen038-mb-721x1024.jpg\" alt=\"\" class=\"wp-image-344\" style=\"width:335px;height:auto\" srcset=\"https:\/\/www.neocatalys.fr\/blog\/wp-content\/uploads\/2025\/02\/gwen038-mb-721x1024.jpg 721w, https:\/\/www.neocatalys.fr\/blog\/wp-content\/uploads\/2025\/02\/gwen038-mb-317x450.jpg 317w, https:\/\/www.neocatalys.fr\/blog\/wp-content\/uploads\/2025\/02\/gwen038-mb-768x1091.jpg 768w, https:\/\/www.neocatalys.fr\/blog\/wp-content\/uploads\/2025\/02\/gwen038-mb.jpg 850w\" sizes=\"(max-width: 721px) 100vw, 721px\" \/><\/figure><\/div>\n\n\n<p><strong>Mon approche est bas\u00e9e sur l&rsquo;\u00e9coute, la bienveillance et la confiance.<\/strong> <\/p>\n\n\n\n<p>Je suis l\u00e0 pour vous accompagner, vous guider, vous mettre \u00e0 l&rsquo;aise. Je veux que cette s\u00e9ance soit avant tout un moment de plaisir, de d\u00e9tente, de reconnexion avec vous-m\u00eame. <\/p>\n\n\n\n<p>Je veux que vous repartiez avec des photos qui vous ressemblent, qui vous font du bien, qui vous donnent envie de vous regarder, de vous sourire, de vous aimer.<\/p>\n\n\n\n<p><strong>Concr\u00e8tement, la s\u00e9ance se d\u00e9roule en trois \u00e9tapes :<\/strong><\/p>\n\n\n<div class=\"wp-block-image\">\n<figure class=\"alignright size-full is-resized\"><img loading=\"lazy\" decoding=\"async\" width=\"1333\" height=\"2000\" src=\"https:\/\/www.neocatalys.fr\/blog\/wp-content\/uploads\/2025\/02\/IMG_5968.jpg\" alt=\"\" class=\"wp-image-346\" style=\"width:354px;height:auto\" srcset=\"https:\/\/www.neocatalys.fr\/blog\/wp-content\/uploads\/2025\/02\/IMG_5968.jpg 1333w, https:\/\/www.neocatalys.fr\/blog\/wp-content\/uploads\/2025\/02\/IMG_5968-300x450.jpg 300w, https:\/\/www.neocatalys.fr\/blog\/wp-content\/uploads\/2025\/02\/IMG_5968-682x1024.jpg 682w, https:\/\/www.neocatalys.fr\/blog\/wp-content\/uploads\/2025\/02\/IMG_5968-768x1152.jpg 768w, https:\/\/www.neocatalys.fr\/blog\/wp-content\/uploads\/2025\/02\/IMG_5968-1024x1536.jpg 1024w\" sizes=\"(max-width: 1333px) 100vw, 1333px\" \/><\/figure><\/div>\n\n\n<p><strong>Rencontre et discussion :<\/strong> Nous prenons le temps de faire connaissance, d&rsquo;\u00e9changer sur votre \u00e9tat d&rsquo;esprit, vos attentes, vos complexes. Je veux comprendre votre douleur, mais aussi votre potentiel, votre beaut\u00e9 int\u00e9rieure.<\/p>\n\n\n\n<p><strong>S\u00e9ance photo :<\/strong> Je vous guide, je vous propose diff\u00e9rentes poses, diff\u00e9rents angles de vue. Je suis \u00e0 l&rsquo;\u00e9coute de vos r\u00e9actions, de vos \u00e9motions. Je veux que vous vous sentiez libre, vous, authentique.<\/p>\n\n\n\n<p><strong>S\u00e9lection et livraison :<\/strong> Ensemble, nous choisissons les meilleures photos, celles qui vous mettent le plus en valeur, celles qui vous touchent le plus. Je les retouche avec soin pour magnifier votre image.<\/p>\n\n\n<div class=\"wp-block-image\">\n<figure class=\"alignleft size-large is-resized\"><img decoding=\"async\" src=\"https:\/\/www.neocatalys.fr\/blog\/wp-content\/uploads\/2025\/02\/IMG_7236-1-682x1024.png\" alt=\"\" class=\"wp-image-348\" style=\"width:321px;height:auto\"\/><\/figure><\/div>\n\n\n<p><strong>Alors, pr\u00eat \u00e0 vous r\u00e9concilier avec votre image ?<\/strong> <\/p>\n\n\n\n<p>Contactez-moi pour en discuter. Je serai ravie de vous accompagner dans cette d\u00e9marche<\/p>\n\n\n\n<p><a href=\"https:\/\/www.neocatalys.fr\/blog\/gallery\/seance-accompagnement-estime-de-soi\/\">Galerie de photo : D\u00e9couvrez celles et ceux qui m&rsquo;ont d\u00e9j\u00e0 fait confiance<\/a><\/p>\n","protected":false},"excerpt":{"rendered":"<p>Vous vous sentez prisonnier d&rsquo;une image qui ne vous correspond plus ? Complexe, maladie, probl\u00e8mes de sant\u00e9&#8230; Autant d&rsquo;\u00e9preuves qui ont pu fragiliser votre rapport \u00e0 votre corps et vous<\/p>\n<p class=\"more-link\"><a href=\"https:\/\/www.neocatalys.fr\/blog\/se-reconcilier-avec-son-image\/\" class=\"readmore\">Lire la suite<svg class=\"icon icon-angle-right\" aria-hidden=\"true\" role=\"img\"> <use href=\"#icon-angle-right\" xlink:href=\"#icon-angle-right\"><\/use> <\/svg><span class=\"screen-reader-text\">Se r\u00e9concilier avec son image<\/span><\/a><\/p>\n","protected":false},"author":1,"featured_media":348,"comment_status":"open","ping_status":"closed","sticky":false,"template":"","format":"standard","meta":{"footnotes":""},"categories":[6],"tags":[],"class_list":["post-341","post","type-post","status-publish","format-standard","has-post-thumbnail","hentry","category-portrait"],"yoast_head":"<!-- This site is optimized with the Yoast SEO plugin v27.5 - https:\/\/yoast.com\/product\/yoast-seo-wordpress\/ -->\n<title>Se r\u00e9concilier avec son image -<\/title>\n<meta name=\"robots\" content=\"index, follow, max-snippet:-1, max-image-preview:large, max-video-preview:-1\" \/>\n<link rel=\"canonical\" href=\"https:\/\/www.neocatalys.fr\/blog\/se-reconcilier-avec-son-image\/\" \/>\n<meta property=\"og:locale\" content=\"fr_FR\" \/>\n<meta property=\"og:type\" content=\"article\" \/>\n<meta property=\"og:title\" content=\"Se r\u00e9concilier avec son image -\" \/>\n<meta property=\"og:description\" content=\"Vous vous sentez prisonnier d&rsquo;une image qui ne vous correspond plus ? Complexe, maladie, probl\u00e8mes de sant\u00e9&#8230; Autant d&rsquo;\u00e9preuves qui ont pu fragiliser votre rapport \u00e0 votre corps et vousLire la suite Se r\u00e9concilier avec son image\" \/>\n<meta property=\"og:url\" content=\"https:\/\/www.neocatalys.fr\/blog\/se-reconcilier-avec-son-image\/\" \/>\n<meta property=\"article:publisher\" content=\"https:\/\/www.facebook.com\/neocatalys\" \/>\n<meta property=\"article:published_time\" content=\"2025-02-14T11:05:26+00:00\" \/>\n<meta property=\"article:modified_time\" content=\"2025-03-17T22:15:40+00:00\" \/>\n<meta property=\"og:image\" content=\"https:\/\/www.neocatalys.fr\/blog\/wp-content\/uploads\/2025\/02\/IMG_7236-1-e1739531251265-1024x858.png\" \/>\n\t<meta property=\"og:image:width\" content=\"1024\" \/>\n\t<meta property=\"og:image:height\" content=\"858\" \/>\n\t<meta property=\"og:image:type\" content=\"image\/png\" \/>\n<meta name=\"author\" content=\"Xxavier\" \/>\n<meta name=\"twitter:card\" content=\"summary_large_image\" \/>\n<meta name=\"twitter:label1\" content=\"\u00c9crit par\" \/>\n\t<meta name=\"twitter:data1\" content=\"Xxavier\" \/>\n\t<meta name=\"twitter:label2\" content=\"Dur\u00e9e de lecture estim\u00e9e\" \/>\n\t<meta name=\"twitter:data2\" content=\"4 minutes\" \/>\n<script type=\"application\/ld+json\" class=\"yoast-schema-graph\">{\"@context\":\"https:\\\/\\\/schema.org\",\"@graph\":[{\"@type\":\"Article\",\"@id\":\"https:\\\/\\\/www.neocatalys.fr\\\/blog\\\/se-reconcilier-avec-son-image\\\/#article\",\"isPartOf\":{\"@id\":\"https:\\\/\\\/www.neocatalys.fr\\\/blog\\\/se-reconcilier-avec-son-image\\\/\"},\"author\":{\"name\":\"Xxavier\",\"@id\":\"https:\\\/\\\/www.neocatalys.fr\\\/blog\\\/#\\\/schema\\\/person\\\/0b050aac3ddae320eb0c26eee29a8de3\"},\"headline\":\"Se r\u00e9concilier avec son image\",\"datePublished\":\"2025-02-14T11:05:26+00:00\",\"dateModified\":\"2025-03-17T22:15:40+00:00\",\"mainEntityOfPage\":{\"@id\":\"https:\\\/\\\/www.neocatalys.fr\\\/blog\\\/se-reconcilier-avec-son-image\\\/\"},\"wordCount\":497,\"commentCount\":0,\"publisher\":{\"@id\":\"https:\\\/\\\/www.neocatalys.fr\\\/blog\\\/#organization\"},\"image\":{\"@id\":\"https:\\\/\\\/www.neocatalys.fr\\\/blog\\\/se-reconcilier-avec-son-image\\\/#primaryimage\"},\"thumbnailUrl\":\"https:\\\/\\\/www.neocatalys.fr\\\/blog\\\/wp-content\\\/uploads\\\/2025\\\/02\\\/IMG_7236-1-e1739531251265.png\",\"articleSection\":[\"Portrait\"],\"inLanguage\":\"fr-FR\",\"potentialAction\":[{\"@type\":\"CommentAction\",\"name\":\"Comment\",\"target\":[\"https:\\\/\\\/www.neocatalys.fr\\\/blog\\\/se-reconcilier-avec-son-image\\\/#respond\"]}]},{\"@type\":\"WebPage\",\"@id\":\"https:\\\/\\\/www.neocatalys.fr\\\/blog\\\/se-reconcilier-avec-son-image\\\/\",\"url\":\"https:\\\/\\\/www.neocatalys.fr\\\/blog\\\/se-reconcilier-avec-son-image\\\/\",\"name\":\"Se r\u00e9concilier avec son image -\",\"isPartOf\":{\"@id\":\"https:\\\/\\\/www.neocatalys.fr\\\/blog\\\/#website\"},\"primaryImageOfPage\":{\"@id\":\"https:\\\/\\\/www.neocatalys.fr\\\/blog\\\/se-reconcilier-avec-son-image\\\/#primaryimage\"},\"image\":{\"@id\":\"https:\\\/\\\/www.neocatalys.fr\\\/blog\\\/se-reconcilier-avec-son-image\\\/#primaryimage\"},\"thumbnailUrl\":\"https:\\\/\\\/www.neocatalys.fr\\\/blog\\\/wp-content\\\/uploads\\\/2025\\\/02\\\/IMG_7236-1-e1739531251265.png\",\"datePublished\":\"2025-02-14T11:05:26+00:00\",\"dateModified\":\"2025-03-17T22:15:40+00:00\",\"breadcrumb\":{\"@id\":\"https:\\\/\\\/www.neocatalys.fr\\\/blog\\\/se-reconcilier-avec-son-image\\\/#breadcrumb\"},\"inLanguage\":\"fr-FR\",\"potentialAction\":[{\"@type\":\"ReadAction\",\"target\":[\"https:\\\/\\\/www.neocatalys.fr\\\/blog\\\/se-reconcilier-avec-son-image\\\/\"]}]},{\"@type\":\"ImageObject\",\"inLanguage\":\"fr-FR\",\"@id\":\"https:\\\/\\\/www.neocatalys.fr\\\/blog\\\/se-reconcilier-avec-son-image\\\/#primaryimage\",\"url\":\"https:\\\/\\\/www.neocatalys.fr\\\/blog\\\/wp-content\\\/uploads\\\/2025\\\/02\\\/IMG_7236-1-e1739531251265.png\",\"contentUrl\":\"https:\\\/\\\/www.neocatalys.fr\\\/blog\\\/wp-content\\\/uploads\\\/2025\\\/02\\\/IMG_7236-1-e1739531251265.png\",\"width\":1313,\"height\":1100},{\"@type\":\"BreadcrumbList\",\"@id\":\"https:\\\/\\\/www.neocatalys.fr\\\/blog\\\/se-reconcilier-avec-son-image\\\/#breadcrumb\",\"itemListElement\":[{\"@type\":\"ListItem\",\"position\":1,\"name\":\"Accueil\",\"item\":\"https:\\\/\\\/www.neocatalys.fr\\\/blog\\\/\"},{\"@type\":\"ListItem\",\"position\":2,\"name\":\"Se r\u00e9concilier avec son image\"}]},{\"@type\":\"WebSite\",\"@id\":\"https:\\\/\\\/www.neocatalys.fr\\\/blog\\\/#website\",\"url\":\"https:\\\/\\\/www.neocatalys.fr\\\/blog\\\/\",\"name\":\"\",\"description\":\"\",\"publisher\":{\"@id\":\"https:\\\/\\\/www.neocatalys.fr\\\/blog\\\/#organization\"},\"potentialAction\":[{\"@type\":\"SearchAction\",\"target\":{\"@type\":\"EntryPoint\",\"urlTemplate\":\"https:\\\/\\\/www.neocatalys.fr\\\/blog\\\/?s={search_term_string}\"},\"query-input\":{\"@type\":\"PropertyValueSpecification\",\"valueRequired\":true,\"valueName\":\"search_term_string\"}}],\"inLanguage\":\"fr-FR\"},{\"@type\":\"Organization\",\"@id\":\"https:\\\/\\\/www.neocatalys.fr\\\/blog\\\/#organization\",\"name\":\"Neo Catalys\",\"url\":\"https:\\\/\\\/www.neocatalys.fr\\\/blog\\\/\",\"logo\":{\"@type\":\"ImageObject\",\"inLanguage\":\"fr-FR\",\"@id\":\"https:\\\/\\\/www.neocatalys.fr\\\/blog\\\/#\\\/schema\\\/logo\\\/image\\\/\",\"url\":\"https:\\\/\\\/www.neocatalys.fr\\\/blog\\\/wp-content\\\/uploads\\\/2021\\\/01\\\/cropped-neo-catalys-studio-photo-angers.png\",\"contentUrl\":\"https:\\\/\\\/www.neocatalys.fr\\\/blog\\\/wp-content\\\/uploads\\\/2021\\\/01\\\/cropped-neo-catalys-studio-photo-angers.png\",\"width\":398,\"height\":250,\"caption\":\"Neo Catalys\"},\"image\":{\"@id\":\"https:\\\/\\\/www.neocatalys.fr\\\/blog\\\/#\\\/schema\\\/logo\\\/image\\\/\"},\"sameAs\":[\"https:\\\/\\\/www.facebook.com\\\/neocatalys\",\"https:\\\/\\\/www.instagram.com\\\/xaviersutter_pro\\\/\",\"https:\\\/\\\/www.linkedin.com\\\/in\\\/xavier-sutter\\\/\",\"https:\\\/\\\/www.youtube.com\\\/channel\\\/UCovUmExHy75CQ6d_6woIbOA\"]},{\"@type\":\"Person\",\"@id\":\"https:\\\/\\\/www.neocatalys.fr\\\/blog\\\/#\\\/schema\\\/person\\\/0b050aac3ddae320eb0c26eee29a8de3\",\"name\":\"Xxavier\",\"image\":{\"@type\":\"ImageObject\",\"inLanguage\":\"fr-FR\",\"@id\":\"https:\\\/\\\/secure.gravatar.com\\\/avatar\\\/f8405ad4bbbda64f2ce86a00eef2f73bc012af19406a7ed23c23171c7b7525ec?s=96&d=mm&r=g\",\"url\":\"https:\\\/\\\/secure.gravatar.com\\\/avatar\\\/f8405ad4bbbda64f2ce86a00eef2f73bc012af19406a7ed23c23171c7b7525ec?s=96&d=mm&r=g\",\"contentUrl\":\"https:\\\/\\\/secure.gravatar.com\\\/avatar\\\/f8405ad4bbbda64f2ce86a00eef2f73bc012af19406a7ed23c23171c7b7525ec?s=96&d=mm&r=g\",\"caption\":\"Xxavier\"}}]}<\/script>\n<!-- \/ Yoast SEO plugin. -->","yoast_head_json":{"title":"Se r\u00e9concilier avec son image -","robots":{"index":"index","follow":"follow","max-snippet":"max-snippet:-1","max-image-preview":"max-image-preview:large","max-video-preview":"max-video-preview:-1"},"canonical":"https:\/\/www.neocatalys.fr\/blog\/se-reconcilier-avec-son-image\/","og_locale":"fr_FR","og_type":"article","og_title":"Se r\u00e9concilier avec son image -","og_description":"Vous vous sentez prisonnier d&rsquo;une image qui ne vous correspond plus ? Complexe, maladie, probl\u00e8mes de sant\u00e9&#8230; Autant d&rsquo;\u00e9preuves qui ont pu fragiliser votre rapport \u00e0 votre corps et vousLire la suite Se r\u00e9concilier avec son image","og_url":"https:\/\/www.neocatalys.fr\/blog\/se-reconcilier-avec-son-image\/","article_publisher":"https:\/\/www.facebook.com\/neocatalys","article_published_time":"2025-02-14T11:05:26+00:00","article_modified_time":"2025-03-17T22:15:40+00:00","og_image":[{"width":1024,"height":858,"url":"https:\/\/www.neocatalys.fr\/blog\/wp-content\/uploads\/2025\/02\/IMG_7236-1-e1739531251265-1024x858.png","type":"image\/png"}],"author":"Xxavier","twitter_card":"summary_large_image","twitter_misc":{"\u00c9crit par":"Xxavier","Dur\u00e9e de lecture estim\u00e9e":"4 minutes"},"schema":{"@context":"https:\/\/schema.org","@graph":[{"@type":"Article","@id":"https:\/\/www.neocatalys.fr\/blog\/se-reconcilier-avec-son-image\/#article","isPartOf":{"@id":"https:\/\/www.neocatalys.fr\/blog\/se-reconcilier-avec-son-image\/"},"author":{"name":"Xxavier","@id":"https:\/\/www.neocatalys.fr\/blog\/#\/schema\/person\/0b050aac3ddae320eb0c26eee29a8de3"},"headline":"Se r\u00e9concilier avec son image","datePublished":"2025-02-14T11:05:26+00:00","dateModified":"2025-03-17T22:15:40+00:00","mainEntityOfPage":{"@id":"https:\/\/www.neocatalys.fr\/blog\/se-reconcilier-avec-son-image\/"},"wordCount":497,"commentCount":0,"publisher":{"@id":"https:\/\/www.neocatalys.fr\/blog\/#organization"},"image":{"@id":"https:\/\/www.neocatalys.fr\/blog\/se-reconcilier-avec-son-image\/#primaryimage"},"thumbnailUrl":"https:\/\/www.neocatalys.fr\/blog\/wp-content\/uploads\/2025\/02\/IMG_7236-1-e1739531251265.png","articleSection":["Portrait"],"inLanguage":"fr-FR","potentialAction":[{"@type":"CommentAction","name":"Comment","target":["https:\/\/www.neocatalys.fr\/blog\/se-reconcilier-avec-son-image\/#respond"]}]},{"@type":"WebPage","@id":"https:\/\/www.neocatalys.fr\/blog\/se-reconcilier-avec-son-image\/","url":"https:\/\/www.neocatalys.fr\/blog\/se-reconcilier-avec-son-image\/","name":"Se r\u00e9concilier avec son image -","isPartOf":{"@id":"https:\/\/www.neocatalys.fr\/blog\/#website"},"primaryImageOfPage":{"@id":"https:\/\/www.neocatalys.fr\/blog\/se-reconcilier-avec-son-image\/#primaryimage"},"image":{"@id":"https:\/\/www.neocatalys.fr\/blog\/se-reconcilier-avec-son-image\/#primaryimage"},"thumbnailUrl":"https:\/\/www.neocatalys.fr\/blog\/wp-content\/uploads\/2025\/02\/IMG_7236-1-e1739531251265.png","datePublished":"2025-02-14T11:05:26+00:00","dateModified":"2025-03-17T22:15:40+00:00","breadcrumb":{"@id":"https:\/\/www.neocatalys.fr\/blog\/se-reconcilier-avec-son-image\/#breadcrumb"},"inLanguage":"fr-FR","potentialAction":[{"@type":"ReadAction","target":["https:\/\/www.neocatalys.fr\/blog\/se-reconcilier-avec-son-image\/"]}]},{"@type":"ImageObject","inLanguage":"fr-FR","@id":"https:\/\/www.neocatalys.fr\/blog\/se-reconcilier-avec-son-image\/#primaryimage","url":"https:\/\/www.neocatalys.fr\/blog\/wp-content\/uploads\/2025\/02\/IMG_7236-1-e1739531251265.png","contentUrl":"https:\/\/www.neocatalys.fr\/blog\/wp-content\/uploads\/2025\/02\/IMG_7236-1-e1739531251265.png","width":1313,"height":1100},{"@type":"BreadcrumbList","@id":"https:\/\/www.neocatalys.fr\/blog\/se-reconcilier-avec-son-image\/#breadcrumb","itemListElement":[{"@type":"ListItem","position":1,"name":"Accueil","item":"https:\/\/www.neocatalys.fr\/blog\/"},{"@type":"ListItem","position":2,"name":"Se r\u00e9concilier avec son image"}]},{"@type":"WebSite","@id":"https:\/\/www.neocatalys.fr\/blog\/#website","url":"https:\/\/www.neocatalys.fr\/blog\/","name":"","description":"","publisher":{"@id":"https:\/\/www.neocatalys.fr\/blog\/#organization"},"potentialAction":[{"@type":"SearchAction","target":{"@type":"EntryPoint","urlTemplate":"https:\/\/www.neocatalys.fr\/blog\/?s={search_term_string}"},"query-input":{"@type":"PropertyValueSpecification","valueRequired":true,"valueName":"search_term_string"}}],"inLanguage":"fr-FR"},{"@type":"Organization","@id":"https:\/\/www.neocatalys.fr\/blog\/#organization","name":"Neo Catalys","url":"https:\/\/www.neocatalys.fr\/blog\/","logo":{"@type":"ImageObject","inLanguage":"fr-FR","@id":"https:\/\/www.neocatalys.fr\/blog\/#\/schema\/logo\/image\/","url":"https:\/\/www.neocatalys.fr\/blog\/wp-content\/uploads\/2021\/01\/cropped-neo-catalys-studio-photo-angers.png","contentUrl":"https:\/\/www.neocatalys.fr\/blog\/wp-content\/uploads\/2021\/01\/cropped-neo-catalys-studio-photo-angers.png","width":398,"height":250,"caption":"Neo Catalys"},"image":{"@id":"https:\/\/www.neocatalys.fr\/blog\/#\/schema\/logo\/image\/"},"sameAs":["https:\/\/www.facebook.com\/neocatalys","https:\/\/www.instagram.com\/xaviersutter_pro\/","https:\/\/www.linkedin.com\/in\/xavier-sutter\/","https:\/\/www.youtube.com\/channel\/UCovUmExHy75CQ6d_6woIbOA"]},{"@type":"Person","@id":"https:\/\/www.neocatalys.fr\/blog\/#\/schema\/person\/0b050aac3ddae320eb0c26eee29a8de3","name":"Xxavier","image":{"@type":"ImageObject","inLanguage":"fr-FR","@id":"https:\/\/secure.gravatar.com\/avatar\/f8405ad4bbbda64f2ce86a00eef2f73bc012af19406a7ed23c23171c7b7525ec?s=96&d=mm&r=g","url":"https:\/\/secure.gravatar.com\/avatar\/f8405ad4bbbda64f2ce86a00eef2f73bc012af19406a7ed23c23171c7b7525ec?s=96&d=mm&r=g","contentUrl":"https:\/\/secure.gravatar.com\/avatar\/f8405ad4bbbda64f2ce86a00eef2f73bc012af19406a7ed23c23171c7b7525ec?s=96&d=mm&r=g","caption":"Xxavier"}}]}},"_links":{"self":[{"href":"https:\/\/www.neocatalys.fr\/blog\/wp-json\/wp\/v2\/posts\/341","targetHints":{"allow":["GET"]}}],"collection":[{"href":"https:\/\/www.neocatalys.fr\/blog\/wp-json\/wp\/v2\/posts"}],"about":[{"href":"https:\/\/www.neocatalys.fr\/blog\/wp-json\/wp\/v2\/types\/post"}],"author":[{"embeddable":true,"href":"https:\/\/www.neocatalys.fr\/blog\/wp-json\/wp\/v2\/users\/1"}],"replies":[{"embeddable":true,"href":"https:\/\/www.neocatalys.fr\/blog\/wp-json\/wp\/v2\/comments?post=341"}],"version-history":[{"count":11,"href":"https:\/\/www.neocatalys.fr\/blog\/wp-json\/wp\/v2\/posts\/341\/revisions"}],"predecessor-version":[{"id":412,"href":"https:\/\/www.neocatalys.fr\/blog\/wp-json\/wp\/v2\/posts\/341\/revisions\/412"}],"wp:featuredmedia":[{"embeddable":true,"href":"https:\/\/www.neocatalys.fr\/blog\/wp-json\/wp\/v2\/media\/348"}],"wp:attachment":[{"href":"https:\/\/www.neocatalys.fr\/blog\/wp-json\/wp\/v2\/media?parent=341"}],"wp:term":[{"taxonomy":"category","embeddable":true,"href":"https:\/\/www.neocatalys.fr\/blog\/wp-json\/wp\/v2\/categories?post=341"},{"taxonomy":"post_tag","embeddable":true,"href":"https:\/\/www.neocatalys.fr\/blog\/wp-json\/wp\/v2\/tags?post=341"}],"curies":[{"name":"wp","href":"https:\/\/api.w.org\/{rel}","templated":true}]}}